{"id":5914,"date":"2024-03-25T09:21:57","date_gmt":"2024-03-25T09:21:57","guid":{"rendered":"http:\/\/www.tv8.sk\/wp\/?p=5914"},"modified":"2025-09-05T11:07:27","modified_gmt":"2025-09-05T11:07:27","slug":"vseobecne-obchodne-podmienky-pre-osobne-konzultacie","status":"publish","type":"post","link":"http:\/\/www.tv8.sk\/wp\/?p=5914","title":{"rendered":"V\u0161eobecn\u00e9 obchodn\u00e9 podmienky pre osobn\u00e9 a online konzult\u00e1cie"},"content":{"rendered":"\n<p class=\"has-text-align-center has-vivid-cyan-blue-color has-text-color\"><strong>I.  Z\u00e1kladn\u00e9 ustanovenia<\/strong><\/p>\n\n\n\n<ol class=\"wp-block-list\">\n<li>Slu\u017ebu s\u00a0n\u00e1zvom \u201e<strong>Osobn\u00e9 a <strong>online<\/strong> konzult\u00e1cie<\/strong>\u201c (\u010falej len Konzult\u00e1cie) organizuje spolo\u010dnos\u0165 Mediatex s.r.o., (\u010falej len Organiz\u00e1tor),\u00a0 Bojnick\u00e1 18, 831 04 Bratislava 3, I\u010cO: 35 763\u00a0418, zap\u00edsan\u00e1 v Obchodnom registri Mestsk\u00e9ho s\u00fadu Bratislava III, oddiel Sro, vlo\u017eka \u010d. 18777\/B, v spolupr\u00e1ci s <strong>partnermi<\/strong> poskytuj\u00facimi predmetn\u00e9 slu\u017eby (\u010falej len Dod\u00e1vate\u013e).\u00a0\u00a0\u00a0              <\/li>\n\n\n\n<li><strong>Objedn\u00e1vate\u013e <\/strong>je osoba, ktor\u00e1 si vybrala, z\u00e1v\u00e4zne objednala pr\u00edpadne zaplatila Konzult\u00e1cie uverejnen\u00fdch na webov\u00fdch str\u00e1nkach, oboznamovac\u00edch materi\u00e1loch (napr. let\u00e1koch, plag\u00e1toch) a telev\u00edznych spotoch <strong>Organiz\u00e1tora.<\/strong> (\u010ealej len Objedn\u00e1vate\u013e)<\/li>\n\n\n\n<li><strong>Objedn\u00e1vka<\/strong> je pr\u00edkazom pre Organiz\u00e1tora na realiz\u00e1ciu objednanej a zaplatenej slu\u017eby od Objedn\u00e1vate\u013ea. (\u010ealej len Objedn\u00e1vka).<\/li>\n<\/ol>\n\n\n\n<p class=\"has-text-align-center has-vivid-cyan-blue-color has-text-color\"><strong>II.&nbsp;Objedn\u00e1vka<\/strong><\/p>\n\n\n\n<ol class=\"wp-block-list\">\n<li>Objedn\u00e1vku Konzult\u00e1cie m\u00f4\u017ee Objedn\u00e1vate\u013e uskuto\u010dni\u0165 telefonicky zavolan\u00edm na \u010d\u00edslo uveden\u00e9 na webov\u00fdch str\u00e1nkach, oboznamovac\u00edch materi\u00e1loch (napr. let\u00e1koch, plag\u00e1toch), telev\u00edznych spotoch<strong>Organiz\u00e1tora.<\/strong><\/li>\n\n\n\n<li>Objedn\u00e1vate\u013e mus\u00ed v Objedn\u00e1vke uvies\u0165 presn\u00e9 a pravdiv\u00e9 \u00fadaje.<\/li>\n<\/ol>\n\n\n\n<p class=\"has-text-align-center has-vivid-cyan-blue-color has-text-color\"><strong>III.  Cena<\/strong><\/p>\n\n\n\n<ol class=\"wp-block-list\">\n<li>Aktu\u00e1lnu cenu Konzult\u00e1cie ur\u010duje Organiz\u00e1tor a\u00a0Objedn\u00e1vate\u013e je o\u00a0nej informovan\u00fd pri objedn\u00e1vke slu\u017eby, alebo priamo na mieste konania konzult\u00e1cie.<\/li>\n<\/ol>\n\n\n\n<p class=\"has-text-align-center has-vivid-cyan-blue-color has-text-color\"><strong>IV.  Platba<\/strong><\/p>\n\n\n\n<ol class=\"wp-block-list\">\n<li>Ak sa Organiz\u00e1tor a\u00a0Objedn\u00e1vate\u013e nedohodn\u00fa inak, objednan\u00e9 Konzult\u00e1cie mus\u00ed Objedn\u00e1vate\u013e uhradi\u0165 na z\u00e1klade vystavenej fakt\u00fary od Organiz\u00e1tora, alebo v\u00a0hotovosti priamo na mieste konania konzult\u00e1ci\u00ed.<\/li>\n<\/ol>\n\n\n\n<ul class=\"wp-block-list\">\n<li>Fakt\u00faru za Objedn\u00e1vku mus\u00ed Objedn\u00e1vate\u013e uhradi\u0165 do 72 hod\u00edn po obdr\u017ean\u00ed fakt\u00fary bankov\u00fdm prevodom. Ak sa platba neuskuto\u010dn\u00ed do 72 hod\u00edn, objedn\u00e1vka zanik\u00e1.<\/li>\n\n\n\n<li>Poplatok za slu\u017eby Objedn\u00e1vate\u013e zaplat\u00ed v\u00a0hotovosti u\u00a0Organiz\u00e1tora na mieste konania konzult\u00e1ci\u00ed.<\/li>\n<\/ul>\n\n\n\n<p class=\"has-text-align-center has-vivid-cyan-blue-color has-text-color\"><strong>V.  Storno objedn\u00e1vky<\/strong><\/p>\n\n\n\n<ol class=\"wp-block-list\">\n<li>Storno predplatenej Objedn\u00e1vky nie je mo\u017en\u00e9. Objedn\u00e1vate\u013e nem\u00e1 n\u00e1rok na vr\u00e1tenie predplatenej sumy za Konzult\u00e1cie.<\/li>\n\n\n\n<li>V\u00a0pr\u00edpade, ak nie je mo\u017en\u00e1 \u00fa\u010das\u0165 Objedn\u00e1vate\u013ea na objednanej konzult\u00e1ci\u00ed, Objedn\u00e1vate\u013e m\u00f4\u017ee po\u017eiada\u0165 o\u00a0\u00fa\u010das\u0165 n\u00e1hradnej osoby, ktor\u00fa si Objedn\u00e1vate\u013e zabezpe\u010d\u00ed s\u00e1m, pri\u010dom t\u00fato skuto\u010dnos\u0165 mus\u00ed telefonicky, alebo emailom ozn\u00e1mi\u0165 Organiz\u00e1torovi najnesk\u00f4r \u00a01 pracovn\u00fd de\u0148 pred stanoven\u00fdm term\u00ednom konzult\u00e1cie.<\/li>\n<\/ol>\n\n\n\n<p class=\"has-text-align-center has-vivid-cyan-blue-color has-text-color\"><strong>VI.&nbsp;&nbsp;Z\u00e1v\u00e4zky str\u00e1n<\/strong><\/p>\n\n\n\n<ol class=\"wp-block-list\">\n<li><em>Organiz\u00e1tor a Dod\u00e1vate\u013e sa zav\u00e4zuj\u00fa<\/em>:<\/li>\n<\/ol>\n\n\n\n<ul class=\"wp-block-list\">\n<li>Zabezpe\u010di\u0165 priebeh Konzult\u00e1cie riadne a\u00a0v\u010das.<\/li>\n\n\n\n<li>Zachov\u00e1va\u0165 ml\u010danlivos\u0165 o \u00fadajoch Objedn\u00e1vate\u013ea, neposkytova\u0165 \u00fadaje tret\u00edm osob\u00e1m ani ich komer\u010dne vyu\u017ei\u0165.<\/li>\n<\/ul>\n\n\n\n<p>2. <em>Objedn\u00e1vate\u013e sa zav\u00e4zuje:<\/em><\/p>\n\n\n\n<ul class=\"wp-block-list\">\n<li>Zaplati\u0165 za objednan\u00e9 slu\u017eby prostredn\u00edctvom vystavenej fakt\u00fary od Organiz\u00e1tora, alebo v\u00a0hotovosti priamo na mieste konania osobn\u00fdch konzult\u00e1ci\u00ed. Pravdivo uvies\u0165 v\u0161etky potrebn\u00e9 inform\u00e1cie nevyhnutn\u00e9 na spo\u013eahliv\u00e9 spracovanie Objedn\u00e1vky.<\/li>\n\n\n\n<li>Objedn\u00e1vate\u013e \u010falej prehlasuje, \u017ee je obozn\u00e1men\u00fd s t\u00fdm, \u017ee slu\u017eba m\u00e1 len informat\u00edvny obsah a nie je n\u00e1vodom k \u010dinom ani rozhodnutiam.<\/li>\n\n\n\n<li>Objedn\u00e1vate\u013e sa zav\u00e4zuje, \u017ee nepodnikne \u017eiadne kroky k\u00a0nadobudnutiu osobn\u00fdch kontaktov Dod\u00e1vate\u013ea ( adresa, telef\u00f3nny kontakt ). Pokia\u013e Organiz\u00e1tor na t\u00fato skuto\u010dnos\u0165 pr\u00edde, m\u00e1 pr\u00e1vo na okam\u017eit\u00e9 ukon\u010denie Konzult\u00e1cie a\u00a0Objedn\u00e1vate\u013e nebude ma\u0165 n\u00e1rok na vr\u00e1tenie poplatku za slu\u017eby.<\/li>\n<\/ul>\n\n\n\n<p class=\"has-text-align-center has-vivid-cyan-blue-color has-text-color\">&nbsp;&nbsp;&nbsp;&nbsp;&nbsp;&nbsp;&nbsp;&nbsp;&nbsp;&nbsp;&nbsp; <strong>VII.&nbsp;&nbsp;Reklam\u00e1cie<\/strong> <\/p>\n\n\n\n<ol class=\"wp-block-list\">\n<li>Pokia\u013e Objedn\u00e1vate\u013e pod\u00e1 s\u0165a\u017enos\u0165 na slu\u017ebu \u201eKonzult\u00e1cie\u201c a okolnosti to umo\u017e\u0148uj\u00fa, \u00a0s\u0165a\u017enos\u0165 bude pos\u00faden\u00e1 okam\u017eite. V ostatn\u00fdch pr\u00edpadoch ako aj v tom pr\u00edpade, ak bola s\u0165a\u017enos\u0165 podan\u00e1 po skon\u010den\u00ed Konzult\u00e1cie, Organiz\u00e1tor o s\u0165a\u017enosti rozhoduje do 30 pracovn\u00fdch dn\u00ed od jej doru\u010denia. Tak\u00e1to s\u0165a\u017enos\u0165 mus\u00ed ma\u0165 p\u00edsomn\u00fa formu a mus\u00ed by\u0165 doru\u010den\u00e1 najnesk\u00f4r do 7 pracovn\u00fdch dn\u00ed od skon\u010denia konzult\u00e1cie na adresu Organiz\u00e1tora , alebo prostredn\u00edctvom emailu na adresu: info@mediatex.sk s ozna\u010den\u00edm \u201eS\u0165a\u017enos\u0165\u030c- Konzult\u00e1cie\u201c. Zo s\u0165a\u017enosti mus\u00ed by\u0165 zrejm\u00e9 kto ju pod\u00e1va, komu je ur\u010den\u00e1, k ak\u00e9mu d\u00e1tumu a \u010dasu konzult\u00e1cie sa via\u017ee a \u010doho sa s\u0165a\u017eovate\u013e dom\u00e1ha.<\/li>\n\n\n\n<li>Rozhodnutie Organiz\u00e1tora t\u00fdkaj\u00face sa ak\u00fdchko\u013evek s\u0165a\u017enosti   Objedn\u00e1vate\u013ea je kone\u010dn\u00e9.<\/li>\n<\/ol>\n\n\n\n<p><\/p>\n\n\n\n<p class=\"has-text-align-center has-vivid-cyan-blue-color has-text-color\"><strong>VIII.  Ochrana osobn\u00fdch \u00fadajov<\/strong><\/p>\n\n\n\n<ol class=\"wp-block-list\">\n<li>Objedn\u00e1vate\u013e vyjadruje s\u00fahlas so spracovan\u00edm n\u00edm poskytnut\u00fdch osobn\u00fdch \u00fadajov a\u00a0z\u00e1rove\u0148 ob\u010dasn\u00fdm zasielan\u00edm bezplatn\u00fdch informa\u010dn\u00fdch SMS a mailov marketingov\u00e9ho charakteru od Organiz\u00e1tora konzult\u00e1ci\u00ed.\u00a0 Spracovanie osobn\u00fdch \u00fadajov sa riadi V\u0161eobecn\u00fdmi podmienkami spracovania osobn\u00fdch \u00fadajov uverejnen\u00fdmi na str\u00e1nkach\u00a0<a href=\"https:\/\/vop.mediatex.sk\/category\/informacne-memorandum-o-spracovani-osobnych-udajov\/\">https:\/\/mediatex.sk\/.<\/a><\/li>\n<\/ol>\n\n\n\n<p class=\"has-text-align-center has-vivid-cyan-blue-color has-text-color\"><strong>IX.&nbsp;&nbsp; Z\u00e1vere\u010dn\u00e9 ustanovenia<\/strong><\/p>\n\n\n\n<ol class=\"wp-block-list\">\n<li>V\u0161etky pr\u00e1vne vz\u0165ahy vznikaj\u00face medzi Organiz\u00e1torom, Dod\u00e1vate\u013eom a Objedn\u00e1vate\u013eom sa riadia pr\u00e1vnymi predpismi SR. Vo veciach neupravovan\u00fdch t\u00fdmito Obchodn\u00fdmi podmienkami sa uplatnia pr\u00edslu\u0161n\u00e9 ustanovenia Ob\u010dianskeho z\u00e1konn\u00edka.<\/li>\n\n\n\n<li>Organiz\u00e1tor si vyhradzuje pr\u00e1vo tieto zmluvn\u00e9 podmienky meni\u0165.<\/li>\n\n\n\n<li>Organiz\u00e1tor nehrad\u00ed \u00fa\u010dastn\u00edkovi konzult\u00e1cie (Objedn\u00e1vate\u013eovi) \u017eiadne n\u00e1klady, ktor\u00e9 mu vznikli v s\u00favislosti s \u00fa\u010das\u0165ou na Konzult\u00e1ci\u00ed.<\/li>\n\n\n\n<li>V\u00a0pr\u00edpade mal\u00e9ho po\u010dtu prihl\u00e1sen\u00fdch z\u00e1ujemcov, alebo in\u00fdch okolnost\u00ed si Organiz\u00e1tor vyhradzuje pr\u00e1vo term\u00edn zru\u0161i\u0165 a\u00a0Objedn\u00e1vate\u013eovi vr\u00e1ti\u0165 uhraden\u00fd poplatok za slu\u017ebu.<\/li>\n\n\n\n<li>Tieto \u0161pecifick\u00e9 obchodn\u00e9 podmienky slu\u017eby Konzult\u00e1cie ve\u0161tenia nadob\u00fadaj\u00fa platnos\u0165 d\u0148a 01.01.2024.<\/li>\n<\/ol>\n\n\n\n<p class=\"has-text-align-center has-vivid-cyan-blue-color has-text-color\"><strong>X.&nbsp;&nbsp; Kontakt<\/strong><\/p>\n\n\n\n<p>&nbsp;&nbsp;&nbsp;&nbsp;&nbsp;&nbsp;&nbsp; Kontaktn\u00fd e-mail: info@mediatex.sk<\/p>\n\n\n\n<p>MEDIATEX: <a href=\"https:\/\/vop.mediatex.sk\/vseobecne-podmienky-sluzby-osobne-konzultacie\/\" data-type=\"link\" data-id=\"https:\/\/vop.mediatex.sk\/vseobecne-podmienky-sluzby-osobne-konzultacie\/\">TU<\/a><\/p>\n\n\n\n<p><\/p>\n\n\n\n<p><em>D\u00e1tum poslednej aktualiz\u00e1cie: 01.10.202<\/em>5<br><br><\/p>\n","protected":false},"excerpt":{"rendered":"<p>I. Z\u00e1kladn\u00e9 ustanovenia II.&nbsp;Objedn\u00e1vka III. Cena IV. Platba V. Storno objedn\u00e1vky VI.&nbsp;&nbsp;Z\u00e1v\u00e4zky str\u00e1n 2. Objedn\u00e1vate\u013e sa zav\u00e4zuje: &nbsp;&nbsp;&nbsp;&nbsp;&nbsp;&nbsp;&nbsp;&nbsp;&nbsp;&nbsp;&nbsp; VII.&nbsp;&nbsp;Reklam\u00e1cie VIII. Ochrana osobn\u00fdch \u00fadajov IX.&nbsp;&nbsp; Z\u00e1vere\u010dn\u00e9 ustanovenia X.&nbsp;&nbsp; Kontakt &nbsp;&nbsp;&nbsp;&nbsp;&nbsp;&nbsp;&nbsp; Kontaktn\u00fd e-mail: info@mediatex.sk MEDIATEX: TU D\u00e1tum poslednej aktualiz\u00e1cie: 01.10.2025<\/p>\n","protected":false},"author":1,"featured_media":0,"comment_status":"closed","ping_status":"closed","sticky":false,"template":"","format":"standard","meta":{"footnotes":""},"categories":[19],"tags":[],"class_list":["post-5914","post","type-post","status-publish","format-standard","hentry","category-pravidla"],"_links":{"self":[{"href":"http:\/\/www.tv8.sk\/wp\/index.php?rest_route=\/wp\/v2\/posts\/5914","targetHints":{"allow":["GET"]}}],"collection":[{"href":"http:\/\/www.tv8.sk\/wp\/index.php?rest_route=\/wp\/v2\/posts"}],"about":[{"href":"http:\/\/www.tv8.sk\/wp\/index.php?rest_route=\/wp\/v2\/types\/post"}],"author":[{"embeddable":true,"href":"http:\/\/www.tv8.sk\/wp\/index.php?rest_route=\/wp\/v2\/users\/1"}],"replies":[{"embeddable":true,"href":"http:\/\/www.tv8.sk\/wp\/index.php?rest_route=%2Fwp%2Fv2%2Fcomments&post=5914"}],"version-history":[{"count":7,"href":"http:\/\/www.tv8.sk\/wp\/index.php?rest_route=\/wp\/v2\/posts\/5914\/revisions"}],"predecessor-version":[{"id":6097,"href":"http:\/\/www.tv8.sk\/wp\/index.php?rest_route=\/wp\/v2\/posts\/5914\/revisions\/6097"}],"wp:attachment":[{"href":"http:\/\/www.tv8.sk\/wp\/index.php?rest_route=%2Fwp%2Fv2%2Fmedia&parent=5914"}],"wp:term":[{"taxonomy":"category","embeddable":true,"href":"http:\/\/www.tv8.sk\/wp\/index.php?rest_route=%2Fwp%2Fv2%2Fcategories&post=5914"},{"taxonomy":"post_tag","embeddable":true,"href":"http:\/\/www.tv8.sk\/wp\/index.php?rest_route=%2Fwp%2Fv2%2Ftags&post=5914"}],"curies":[{"name":"wp","href":"https:\/\/api.w.org\/{rel}","templated":true}]}}