{"id":1427,"date":"2015-08-04T07:42:38","date_gmt":"2015-08-04T07:42:38","guid":{"rendered":"http:\/\/www.tv8.sk\/wp\/?p=1427"},"modified":"2018-01-09T09:53:35","modified_gmt":"2018-01-09T09:53:35","slug":"hitparada-ludovych-piesni","status":"publish","type":"post","link":"http:\/\/www.tv8.sk\/wp\/?p=1427","title":{"rendered":"Hitpar\u00e1da \u013eudov\u00fdch piesn\u00ed"},"content":{"rendered":"<p><img loading=\"lazy\" decoding=\"async\" class=\"aligncenter size-full wp-image-2180\" src=\"http:\/\/www.tv8.sk\/wp\/wp-content\/uploads\/2015\/08\/HITPARADA-web.png\" alt=\"\" width=\"640\" height=\"290\" srcset=\"http:\/\/www.tv8.sk\/wp\/wp-content\/uploads\/2015\/08\/HITPARADA-web.png 640w, http:\/\/www.tv8.sk\/wp\/wp-content\/uploads\/2015\/08\/HITPARADA-web-300x136.png 300w, http:\/\/www.tv8.sk\/wp\/wp-content\/uploads\/2015\/08\/HITPARADA-web-148x67.png 148w, http:\/\/www.tv8.sk\/wp\/wp-content\/uploads\/2015\/08\/HITPARADA-web-31x14.png 31w, http:\/\/www.tv8.sk\/wp\/wp-content\/uploads\/2015\/08\/HITPARADA-web-38x17.png 38w, http:\/\/www.tv8.sk\/wp\/wp-content\/uploads\/2015\/08\/HITPARADA-web-425x193.png 425w\" sizes=\"auto, (max-width: 640px) 100vw, 640px\" \/><\/p>\n<p style=\"text-align: justify;\"><strong>Hitpar\u00e1da \u013eudov\u00fdch piesn\u00ed<\/strong><\/p>\n<p style=\"text-align: justify;\">Mil\u00ed priatelia a\u00a0priaznivci \u013eudovej hudby! Poz\u00fdvame V\u00e1s sledova\u0165 druh\u00fa s\u00e9riu hudobnej rel\u00e1cie Hitpar\u00e1da \u013eudov\u00fdch piesn\u00ed, v\u00a0ktorej zaznej\u00fa nielen piesne a\u00a0hudba, ale i\u00a0zauj\u00edmav\u00e9 rozhovory s\u00faborov z\u00a0r\u00f4znych regi\u00f3nov Slovenska. V Hitpar\u00e1de m\u00f4\u017eete op\u00e4\u0165 ka\u017ed\u00fd t\u00fd\u017ede\u0148 hlasova\u0165 za svojho ob\u013e\u00faben\u00e9ho interpreta alebo folkl\u00f3rny s\u00fabor. Rel\u00e1ciou V\u00e1s bude sprev\u00e1dza\u0165\u00a0Elenn\u00a0Waltersteinov\u00e1.<\/p>\n<p>Moder\u00e1torka rel\u00e1cie:\u00a0Elenn\u00a0WALTERSTEINOV\u00c1<\/p>\n<p><b>Vysielac\u00ed \u010das :<\/b><\/p>\n<ul>\n<li>premi\u00e9ra : ka\u017ed\u00fd druh\u00fd piatok o\u00a018:00 hod.<\/li>\n<li>repr\u00edza: nede\u013ea o\u00a013:00 hod.<\/li>\n<\/ul>\n<p><strong style=\"text-align: justify;\">V<\/strong><strong style=\"text-align: justify;\">ide\u00e1 z\u00a0vyst\u00fapenia skup\u00edn je mo\u017en\u00e9 zasla\u0165 nasledovn\u00fdmi sp\u00f4sobmi:<\/strong><\/p>\n<p><strong>\u00a01. na nosi\u010di na adresu:<\/strong><\/p>\n<p style=\"text-align: justify;\">Mediatex s.r.o.<\/p>\n<p>P.O.BOX 60,<\/p>\n<p>830 00 Bratislava 3<\/p>\n<p><b><span style=\"font-family: 'Times New Roman'; font-size: medium;\">2.<\/span><\/b> Pokia\u013e je nahr\u00e1vka umiestnen\u00e1 na internete, sta\u010d\u00ed zasla\u0165 odkaz , kde sa nahr\u00e1vka nach\u00e1dza \u00a0<b>mailom na adresu:\u00a0<a href=\"mailto:produkcia@tv8.sk\">hitparada@tv8.sk<\/a><\/b><\/p>\n<p><strong>Pri ka\u017edej nahr\u00e1vke pros\u00edm uve\u010fte meno interpreta a n\u00e1zov piesne.\u00a0<\/strong><\/p>\n<p>Ku ka\u017ed\u00e9mu zaraden\u00e9mu klipu do Hitpar\u00e1dy je nutn\u00e9 podp\u00edsa\u0165 \u00a0&#8222;Udelenie s\u00fahlasu a licencie na vyu\u017eitie audiovizu\u00e1lneho diela&#8220;.\u00a0\u00a0Preto \u00a0ak posielate nahr\u00e1vky na nosi\u010di, spolu s nahr\u00e1vkou n\u00e1m za\u0161lite podp\u00edsan\u00fd dokument.<\/p>\n<p>Ak zasielate odkaz, kde sa na internete nach\u00e1dza va\u0161a nahr\u00e1vka, za\u0161lite n\u00e1m pros\u00edm \u00a0podp\u00edsan\u00fd \u00a0dokument \u00a0&#8222;Udelenie s\u00fahlasu a licencie na vyu\u017eitie audiovizu\u00e1lneho diela&#8220;\u00a0\u00a0po\u0161tou na adresu:\u00a0Mediatex s.r.o.,\u00a0P.O.BOX 60,\u00a0830 00 Bratislava 3.<\/p>\n<p><a href=\"http:\/\/www.tv8.sk\/wp\/wp-content\/uploads\/2015\/09\/Suhlas.pdf\" rel=\"attachment wp-att-1451\">S\u00fahlas s u\u017eit\u00edm diela a udelenie licencie k AVD<\/a><\/p>\n<p><a href=\"http:\/\/www.tv8.sk\/wp\/?p=1484\">Odvysielan\u00e9 \u010dasti rel\u00e1cie \u201cHitpar\u00e1da \u013eudov\u00fdch piesn\u00ed\u201d n\u00e1jdete tu<\/a><\/p>\n","protected":false},"excerpt":{"rendered":"<p>Hitpar\u00e1da \u013eudov\u00fdch piesn\u00ed Mil\u00ed priatelia a\u00a0priaznivci \u013eudovej hudby! Poz\u00fdvame V\u00e1s sledova\u0165 druh\u00fa s\u00e9riu hudobnej rel\u00e1cie Hitpar\u00e1da \u013eudov\u00fdch piesn\u00ed, v\u00a0ktorej zaznej\u00fa nielen piesne a\u00a0hudba, ale i\u00a0zauj\u00edmav\u00e9 rozhovory s\u00faborov z\u00a0r\u00f4znych regi\u00f3nov Slovenska. V Hitpar\u00e1de m\u00f4\u017eete op\u00e4\u0165 ka\u017ed\u00fd t\u00fd\u017ede\u0148 hlasova\u0165 za svojho ob\u013e\u00faben\u00e9ho<\/p>\n","protected":false},"author":1,"featured_media":2180,"comment_status":"closed","ping_status":"closed","sticky":false,"template":"","format":"standard","meta":{"footnotes":""},"categories":[1],"tags":[],"class_list":["post-1427","post","type-post","status-publish","format-standard","has-post-thumbnail","hentry","category-uvod"],"_links":{"self":[{"href":"http:\/\/www.tv8.sk\/wp\/index.php?rest_route=\/wp\/v2\/posts\/1427","targetHints":{"allow":["GET"]}}],"collection":[{"href":"http:\/\/www.tv8.sk\/wp\/index.php?rest_route=\/wp\/v2\/posts"}],"about":[{"href":"http:\/\/www.tv8.sk\/wp\/index.php?rest_route=\/wp\/v2\/types\/post"}],"author":[{"embeddable":true,"href":"http:\/\/www.tv8.sk\/wp\/index.php?rest_route=\/wp\/v2\/users\/1"}],"replies":[{"embeddable":true,"href":"http:\/\/www.tv8.sk\/wp\/index.php?rest_route=%2Fwp%2Fv2%2Fcomments&post=1427"}],"version-history":[{"count":41,"href":"http:\/\/www.tv8.sk\/wp\/index.php?rest_route=\/wp\/v2\/posts\/1427\/revisions"}],"predecessor-version":[{"id":2640,"href":"http:\/\/www.tv8.sk\/wp\/index.php?rest_route=\/wp\/v2\/posts\/1427\/revisions\/2640"}],"wp:featuredmedia":[{"embeddable":true,"href":"http:\/\/www.tv8.sk\/wp\/index.php?rest_route=\/wp\/v2\/media\/2180"}],"wp:attachment":[{"href":"http:\/\/www.tv8.sk\/wp\/index.php?rest_route=%2Fwp%2Fv2%2Fmedia&parent=1427"}],"wp:term":[{"taxonomy":"category","embeddable":true,"href":"http:\/\/www.tv8.sk\/wp\/index.php?rest_route=%2Fwp%2Fv2%2Fcategories&post=1427"},{"taxonomy":"post_tag","embeddable":true,"href":"http:\/\/www.tv8.sk\/wp\/index.php?rest_route=%2Fwp%2Fv2%2Ftags&post=1427"}],"curies":[{"name":"wp","href":"https:\/\/api.w.org\/{rel}","templated":true}]}}